{"id":1446,"date":"2014-09-29T13:23:47","date_gmt":"2014-09-29T12:23:47","guid":{"rendered":"https:\/\/www.bergerac.aeroport.fr\/lirlande-madere-au-depart-bergerac-2\/"},"modified":"2014-10-15T09:51:00","modified_gmt":"2014-10-15T08:51:00","slug":"portugal-corse-pologne-with-reves-et-voyages","status":"publish","type":"post","link":"https:\/\/www.bergerac.aeroport.fr\/en\/portugal-corse-pologne-with-reves-et-voyages\/","title":{"rendered":"Portugal, Corse &#038; Poland with R\u00eaves et Voyages"},"content":{"rendered":"<p><strong>PORTUGAL<\/strong><\/p>\n<p>Located 20 km south of colourful Lisbon, your hotel is situated in the exquisite region of Costa Caparica with it\u2019s beautiful beaches and the historic town of Vila dos Capuchos.<\/p>\n<p>Stay \/ The region of Lisbon \u2013 Hotel 4* \u2013 8D\/7N half board<\/p>\n<p>Discover the charms and delights of Portugal: the historical heart of the country, the Porto wine cellars, the churches in Barcelos decorated with the \u201cAzuleros\u201d, the picturesque fishing villages of Nazar\u00e9, the coloured houses of Lisbon and the flower draped balconies in Evora.<\/p>\n<p>Tour \/ The marvels of Portugal \u2013 8D\/7N full board<\/p>\n<p><strong>POLAND<\/strong><\/p>\n<p>From the 5th to the 12th of October 2015<br \/>\nDelve into the beating heart of Poland with the &#8220;Romantic Poland&#8221; tour.<br \/>\nPrices from 990\u20ac*\u00a0 per person for full board &amp; flights.<br \/>\n* prices include VAT but exclude travel insurance. Limited places, flights from Bergerac, terms &amp; conditions supplied by the organisers.<\/p>\n<p><strong>CORSICA<\/strong><\/p>\n<p>Sun, sea, mountains, nature, gastronomy, diving, golf, the charm of the Mediterranean. Do you still need convincing ?<\/p>\n<p>STAY \/ A land of character- Hotel 4* \u2013 8D7N half board<br \/>\nThe tour includes Bastia, the red cliffs of Porto, the granite sculptures in the Piana \u201ccalanque\u201d (or inlets), Ajaccio, the fauna and flora of the bush-lands and the majestic Bavella Needles\u2026<\/p>\n<p>TOUR \/ The marvels of Corsica \u2013 8D7N full board<\/p>\n<p>Contact : R\u00eaves &amp; Voyages Bergerac &#8211; 05 53 57 08 04 &#8211; <a href=\"mailto:revesvoyages@orange.fr\" target=\"_blank\">revesvoyages@orange.fr<\/a> &#8211; <a title=\"R\u00eaves &amp; voyages\" href=\"http:\/\/www.revesvoyages.fr\" target=\"_blank\">www.revesvoyages.fr<\/a><\/p>\n","protected":false},"excerpt":{"rendered":"<p>PORTUGAL Located 20 km south of colourful Lisbon, your hotel is situated in the exquisite region of Costa Caparica with it\u2019s beautiful beaches and the historic town of Vila dos Capuchos. Stay \/ The region of Lisbon \u2013 Hotel 4* \u2013 8D\/7N half board Discover the charms and delights of Portugal: the historical heart of [&hellip;]<\/p>\n","protected":false},"author":2,"featured_media":0,"comment_status":"open","ping_status":"open","sticky":false,"template":"","format":"standard","meta":{"footnotes":""},"categories":[109,106],"tags":[74,77,76,75],"class_list":["post-1446","post","type-post","status-publish","format-standard","hentry","category-offers","category-reves-et-voyages-en","tag-charter-en","tag-corse-en","tag-pologne-en","tag-portugal-en"],"yoast_head":"<!-- This site is optimized with the Yoast SEO plugin v27.5 - https:\/\/yoast.com\/product\/yoast-seo-wordpress\/ -->\n<title>R\u00eaves &amp; Voyages vous propose sous forme de s\u00e9jour ou circuit de partir au Portugal, Corse et Pologne.<\/title>\n<meta name=\"description\" content=\"Site officiel de l&#039;A\u00e9roport Bergerac Dordogne P\u00e9rigord. Voyage, billets d&#039;avion, horaires vols, compagnies a\u00e9riennes, acc\u00e8s et r\u00e9servation parking.\" \/>\n<meta name=\"robots\" content=\"index, follow, max-snippet:-1, max-image-preview:large, max-video-preview:-1\" \/>\n<link rel=\"canonical\" href=\"https:\/\/www.bergerac.aeroport.fr\/en\/portugal-corse-pologne-with-reves-et-voyages\/\" \/>\n<meta property=\"og:locale\" content=\"en_US\" \/>\n<meta property=\"og:type\" content=\"article\" \/>\n<meta property=\"og:title\" content=\"R\u00eaves &amp; Voyages vous propose sous forme de s\u00e9jour ou circuit de partir au Portugal, Corse et Pologne.\" \/>\n<meta property=\"og:description\" content=\"Site officiel de l&#039;A\u00e9roport Bergerac Dordogne P\u00e9rigord. Voyage, billets d&#039;avion, horaires vols, compagnies a\u00e9riennes, acc\u00e8s et r\u00e9servation parking.\" \/>\n<meta property=\"og:url\" content=\"https:\/\/www.bergerac.aeroport.fr\/en\/portugal-corse-pologne-with-reves-et-voyages\/\" \/>\n<meta property=\"og:site_name\" content=\"A\u00e9roport Bergerac Dordogne P\u00e9rigord\" \/>\n<meta property=\"article:publisher\" content=\"https:\/\/www.facebook.com\/aeroportbergerac.dordogneperigord\" \/>\n<meta property=\"article:published_time\" content=\"2014-09-29T12:23:47+00:00\" \/>\n<meta property=\"article:modified_time\" content=\"2014-10-15T08:51:00+00:00\" \/>\n<meta name=\"author\" content=\"admin_abp\" \/>\n<meta name=\"twitter:label1\" content=\"Written by\" \/>\n\t<meta name=\"twitter:data1\" content=\"admin_abp\" \/>\n\t<meta name=\"twitter:label2\" content=\"Est. reading time\" \/>\n\t<meta name=\"twitter:data2\" content=\"1 minute\" \/>\n<script type=\"application\/ld+json\" class=\"yoast-schema-graph\">{\"@context\":\"https:\\\/\\\/schema.org\",\"@graph\":[{\"@type\":\"Article\",\"@id\":\"https:\\\/\\\/www.bergerac.aeroport.fr\\\/en\\\/portugal-corse-pologne-with-reves-et-voyages\\\/#article\",\"isPartOf\":{\"@id\":\"https:\\\/\\\/www.bergerac.aeroport.fr\\\/en\\\/portugal-corse-pologne-with-reves-et-voyages\\\/\"},\"author\":{\"name\":\"admin_abp\",\"@id\":\"https:\\\/\\\/www.bergerac.aeroport.fr\\\/#\\\/schema\\\/person\\\/b4be18aee35d78decc95e6bfc738ea82\"},\"headline\":\"Portugal, Corse &#038; Poland with R\u00eaves et Voyages\",\"datePublished\":\"2014-09-29T12:23:47+00:00\",\"dateModified\":\"2014-10-15T08:51:00+00:00\",\"mainEntityOfPage\":{\"@id\":\"https:\\\/\\\/www.bergerac.aeroport.fr\\\/en\\\/portugal-corse-pologne-with-reves-et-voyages\\\/\"},\"wordCount\":233,\"commentCount\":0,\"keywords\":[\"charter\",\"corsica\",\"poland\",\"portugal\"],\"articleSection\":[\"Offers\",\"R\u00eaves et voyages\"],\"inLanguage\":\"en-US\",\"potentialAction\":[{\"@type\":\"CommentAction\",\"name\":\"Comment\",\"target\":[\"https:\\\/\\\/www.bergerac.aeroport.fr\\\/en\\\/portugal-corse-pologne-with-reves-et-voyages\\\/#respond\"]}]},{\"@type\":\"WebPage\",\"@id\":\"https:\\\/\\\/www.bergerac.aeroport.fr\\\/en\\\/portugal-corse-pologne-with-reves-et-voyages\\\/\",\"url\":\"https:\\\/\\\/www.bergerac.aeroport.fr\\\/en\\\/portugal-corse-pologne-with-reves-et-voyages\\\/\",\"name\":\"R\u00eaves & Voyages vous propose sous forme de s\u00e9jour ou circuit de partir au Portugal, Corse et Pologne.\",\"isPartOf\":{\"@id\":\"https:\\\/\\\/www.bergerac.aeroport.fr\\\/#website\"},\"datePublished\":\"2014-09-29T12:23:47+00:00\",\"dateModified\":\"2014-10-15T08:51:00+00:00\",\"author\":{\"@id\":\"https:\\\/\\\/www.bergerac.aeroport.fr\\\/#\\\/schema\\\/person\\\/b4be18aee35d78decc95e6bfc738ea82\"},\"description\":\"Site officiel de l'A\u00e9roport Bergerac Dordogne P\u00e9rigord. Voyage, billets d'avion, horaires vols, compagnies a\u00e9riennes, acc\u00e8s et r\u00e9servation parking.\",\"breadcrumb\":{\"@id\":\"https:\\\/\\\/www.bergerac.aeroport.fr\\\/en\\\/portugal-corse-pologne-with-reves-et-voyages\\\/#breadcrumb\"},\"inLanguage\":\"en-US\",\"potentialAction\":[{\"@type\":\"ReadAction\",\"target\":[\"https:\\\/\\\/www.bergerac.aeroport.fr\\\/en\\\/portugal-corse-pologne-with-reves-et-voyages\\\/\"]}]},{\"@type\":\"BreadcrumbList\",\"@id\":\"https:\\\/\\\/www.bergerac.aeroport.fr\\\/en\\\/portugal-corse-pologne-with-reves-et-voyages\\\/#breadcrumb\",\"itemListElement\":[{\"@type\":\"ListItem\",\"position\":1,\"name\":\"Home\",\"item\":\"https:\\\/\\\/www.bergerac.aeroport.fr\\\/en\\\/\"},{\"@type\":\"ListItem\",\"position\":2,\"name\":\"Portugal, Corse &#038; Poland with R\u00eaves et Voyages\"}]},{\"@type\":\"WebSite\",\"@id\":\"https:\\\/\\\/www.bergerac.aeroport.fr\\\/#website\",\"url\":\"https:\\\/\\\/www.bergerac.aeroport.fr\\\/\",\"name\":\"A\u00e9roport Bergerac Dordogne P\u00e9rigord\",\"description\":\"\",\"potentialAction\":[{\"@type\":\"SearchAction\",\"target\":{\"@type\":\"EntryPoint\",\"urlTemplate\":\"https:\\\/\\\/www.bergerac.aeroport.fr\\\/?s={search_term_string}\"},\"query-input\":{\"@type\":\"PropertyValueSpecification\",\"valueRequired\":true,\"valueName\":\"search_term_string\"}}],\"inLanguage\":\"en-US\"},{\"@type\":\"Person\",\"@id\":\"https:\\\/\\\/www.bergerac.aeroport.fr\\\/#\\\/schema\\\/person\\\/b4be18aee35d78decc95e6bfc738ea82\",\"name\":\"admin_abp\",\"image\":{\"@type\":\"ImageObject\",\"inLanguage\":\"en-US\",\"@id\":\"https:\\\/\\\/secure.gravatar.com\\\/avatar\\\/e5d86a5f8d9064d1e76e764a62086795f17cd98bb9832613325b17fff7dd8d67?s=96&d=mm&r=g\",\"url\":\"https:\\\/\\\/secure.gravatar.com\\\/avatar\\\/e5d86a5f8d9064d1e76e764a62086795f17cd98bb9832613325b17fff7dd8d67?s=96&d=mm&r=g\",\"contentUrl\":\"https:\\\/\\\/secure.gravatar.com\\\/avatar\\\/e5d86a5f8d9064d1e76e764a62086795f17cd98bb9832613325b17fff7dd8d67?s=96&d=mm&r=g\",\"caption\":\"admin_abp\"},\"url\":\"https:\\\/\\\/www.bergerac.aeroport.fr\\\/en\\\/author\\\/admin_abp\\\/\"}]}<\/script>\n<!-- \/ Yoast SEO plugin. -->","yoast_head_json":{"title":"R\u00eaves & Voyages vous propose sous forme de s\u00e9jour ou circuit de partir au Portugal, Corse et Pologne.","description":"Site officiel de l'A\u00e9roport Bergerac Dordogne P\u00e9rigord. Voyage, billets d'avion, horaires vols, compagnies a\u00e9riennes, acc\u00e8s et r\u00e9servation parking.","robots":{"index":"index","follow":"follow","max-snippet":"max-snippet:-1","max-image-preview":"max-image-preview:large","max-video-preview":"max-video-preview:-1"},"canonical":"https:\/\/www.bergerac.aeroport.fr\/en\/portugal-corse-pologne-with-reves-et-voyages\/","og_locale":"en_US","og_type":"article","og_title":"R\u00eaves & Voyages vous propose sous forme de s\u00e9jour ou circuit de partir au Portugal, Corse et Pologne.","og_description":"Site officiel de l'A\u00e9roport Bergerac Dordogne P\u00e9rigord. Voyage, billets d'avion, horaires vols, compagnies a\u00e9riennes, acc\u00e8s et r\u00e9servation parking.","og_url":"https:\/\/www.bergerac.aeroport.fr\/en\/portugal-corse-pologne-with-reves-et-voyages\/","og_site_name":"A\u00e9roport Bergerac Dordogne P\u00e9rigord","article_publisher":"https:\/\/www.facebook.com\/aeroportbergerac.dordogneperigord","article_published_time":"2014-09-29T12:23:47+00:00","article_modified_time":"2014-10-15T08:51:00+00:00","author":"admin_abp","twitter_misc":{"Written by":"admin_abp","Est. reading time":"1 minute"},"schema":{"@context":"https:\/\/schema.org","@graph":[{"@type":"Article","@id":"https:\/\/www.bergerac.aeroport.fr\/en\/portugal-corse-pologne-with-reves-et-voyages\/#article","isPartOf":{"@id":"https:\/\/www.bergerac.aeroport.fr\/en\/portugal-corse-pologne-with-reves-et-voyages\/"},"author":{"name":"admin_abp","@id":"https:\/\/www.bergerac.aeroport.fr\/#\/schema\/person\/b4be18aee35d78decc95e6bfc738ea82"},"headline":"Portugal, Corse &#038; Poland with R\u00eaves et Voyages","datePublished":"2014-09-29T12:23:47+00:00","dateModified":"2014-10-15T08:51:00+00:00","mainEntityOfPage":{"@id":"https:\/\/www.bergerac.aeroport.fr\/en\/portugal-corse-pologne-with-reves-et-voyages\/"},"wordCount":233,"commentCount":0,"keywords":["charter","corsica","poland","portugal"],"articleSection":["Offers","R\u00eaves et voyages"],"inLanguage":"en-US","potentialAction":[{"@type":"CommentAction","name":"Comment","target":["https:\/\/www.bergerac.aeroport.fr\/en\/portugal-corse-pologne-with-reves-et-voyages\/#respond"]}]},{"@type":"WebPage","@id":"https:\/\/www.bergerac.aeroport.fr\/en\/portugal-corse-pologne-with-reves-et-voyages\/","url":"https:\/\/www.bergerac.aeroport.fr\/en\/portugal-corse-pologne-with-reves-et-voyages\/","name":"R\u00eaves & Voyages vous propose sous forme de s\u00e9jour ou circuit de partir au Portugal, Corse et Pologne.","isPartOf":{"@id":"https:\/\/www.bergerac.aeroport.fr\/#website"},"datePublished":"2014-09-29T12:23:47+00:00","dateModified":"2014-10-15T08:51:00+00:00","author":{"@id":"https:\/\/www.bergerac.aeroport.fr\/#\/schema\/person\/b4be18aee35d78decc95e6bfc738ea82"},"description":"Site officiel de l'A\u00e9roport Bergerac Dordogne P\u00e9rigord. Voyage, billets d'avion, horaires vols, compagnies a\u00e9riennes, acc\u00e8s et r\u00e9servation parking.","breadcrumb":{"@id":"https:\/\/www.bergerac.aeroport.fr\/en\/portugal-corse-pologne-with-reves-et-voyages\/#breadcrumb"},"inLanguage":"en-US","potentialAction":[{"@type":"ReadAction","target":["https:\/\/www.bergerac.aeroport.fr\/en\/portugal-corse-pologne-with-reves-et-voyages\/"]}]},{"@type":"BreadcrumbList","@id":"https:\/\/www.bergerac.aeroport.fr\/en\/portugal-corse-pologne-with-reves-et-voyages\/#breadcrumb","itemListElement":[{"@type":"ListItem","position":1,"name":"Home","item":"https:\/\/www.bergerac.aeroport.fr\/en\/"},{"@type":"ListItem","position":2,"name":"Portugal, Corse &#038; Poland with R\u00eaves et Voyages"}]},{"@type":"WebSite","@id":"https:\/\/www.bergerac.aeroport.fr\/#website","url":"https:\/\/www.bergerac.aeroport.fr\/","name":"A\u00e9roport Bergerac Dordogne P\u00e9rigord","description":"","potentialAction":[{"@type":"SearchAction","target":{"@type":"EntryPoint","urlTemplate":"https:\/\/www.bergerac.aeroport.fr\/?s={search_term_string}"},"query-input":{"@type":"PropertyValueSpecification","valueRequired":true,"valueName":"search_term_string"}}],"inLanguage":"en-US"},{"@type":"Person","@id":"https:\/\/www.bergerac.aeroport.fr\/#\/schema\/person\/b4be18aee35d78decc95e6bfc738ea82","name":"admin_abp","image":{"@type":"ImageObject","inLanguage":"en-US","@id":"https:\/\/secure.gravatar.com\/avatar\/e5d86a5f8d9064d1e76e764a62086795f17cd98bb9832613325b17fff7dd8d67?s=96&d=mm&r=g","url":"https:\/\/secure.gravatar.com\/avatar\/e5d86a5f8d9064d1e76e764a62086795f17cd98bb9832613325b17fff7dd8d67?s=96&d=mm&r=g","contentUrl":"https:\/\/secure.gravatar.com\/avatar\/e5d86a5f8d9064d1e76e764a62086795f17cd98bb9832613325b17fff7dd8d67?s=96&d=mm&r=g","caption":"admin_abp"},"url":"https:\/\/www.bergerac.aeroport.fr\/en\/author\/admin_abp\/"}]}},"_links":{"self":[{"href":"https:\/\/www.bergerac.aeroport.fr\/en\/wp-json\/wp\/v2\/posts\/1446\/"}],"collection":[{"href":"https:\/\/www.bergerac.aeroport.fr\/en\/wp-json\/wp\/v2\/posts\/"}],"about":[{"href":"https:\/\/www.bergerac.aeroport.fr\/en\/wp-json\/wp\/v2\/types\/post\/"}],"author":[{"embeddable":true,"href":"https:\/\/www.bergerac.aeroport.fr\/en\/wp-json\/wp\/v2\/users\/2\/"}],"replies":[{"embeddable":true,"href":"https:\/\/www.bergerac.aeroport.fr\/en\/wp-json\/wp\/v2\/comments\/?post=1446"}],"version-history":[{"count":6,"href":"https:\/\/www.bergerac.aeroport.fr\/en\/wp-json\/wp\/v2\/posts\/1446\/revisions\/"}],"predecessor-version":[{"id":1680,"href":"https:\/\/www.bergerac.aeroport.fr\/en\/wp-json\/wp\/v2\/posts\/1446\/revisions\/1680\/"}],"wp:attachment":[{"href":"https:\/\/www.bergerac.aeroport.fr\/en\/wp-json\/wp\/v2\/media\/?parent=1446"}],"wp:term":[{"taxonomy":"category","embeddable":true,"href":"https:\/\/www.bergerac.aeroport.fr\/en\/wp-json\/wp\/v2\/categories\/?post=1446"},{"taxonomy":"post_tag","embeddable":true,"href":"https:\/\/www.bergerac.aeroport.fr\/en\/wp-json\/wp\/v2\/tags\/?post=1446"}],"curies":[{"name":"wp","href":"https:\/\/api.w.org\/{rel}","templated":true}]}}