{"id":1448,"date":"2014-09-28T13:21:37","date_gmt":"2014-09-28T12:21:37","guid":{"rendered":"https:\/\/www.bergerac.aeroport.fr\/en-mai-juin-2014-envolez-vers-madere-2\/"},"modified":"2014-10-15T09:25:41","modified_gmt":"2014-10-15T08:25:41","slug":"2604-03052015-tenerif","status":"publish","type":"post","link":"https:\/\/www.bergerac.aeroport.fr\/en\/2604-03052015-tenerif\/","title":{"rendered":"26\/04 &#8211; 03\/05\/2015, Tenerif"},"content":{"rendered":"<p>All the hotels selected for you are located on the south coast of Tenerif, ideal for touring the islands treasures whilst making the most of the excellent accommodation.<\/p>\n<p>STAY \/ Tenerife Island \u2013 Hotel 3* or 4* \u2013 8D7N<br \/>\nExplore the stunning but ravaged volcanic landscape, discover the impressive Los Gigantes and the Laurislava cliffs on the island of Gomera and wander along the roads to Masca and and Santiago del Teide\u2026<\/p>\n<p>TOUR \/ The heart of Tenerife \u2013 8D7N full board<\/p>\n<p>Contact : Vac&#8217;dor &#8211; Pineuilh &#8211; 05 57 41 92 93 &#8211; <a href=\"mailto:voyages@vacdor.com\" target=\"_blank\">voyages@vacdor.com<\/a> &#8211; <a href=\"http:\/\/www.vacdor.com\" target=\"_blank\">http:\/\/www.vacdor.com<\/a><\/p>\n","protected":false},"excerpt":{"rendered":"<p>All the hotels selected for you are located on the south coast of Tenerif, ideal for touring the islands treasures whilst making the most of the excellent accommodation. STAY \/ Tenerife Island \u2013 Hotel 3* or 4* \u2013 8D7N Explore the stunning but ravaged volcanic landscape, discover the impressive Los Gigantes and the Laurislava cliffs [&hellip;]<\/p>\n","protected":false},"author":2,"featured_media":0,"comment_status":"open","ping_status":"open","sticky":false,"template":"","format":"standard","meta":{"footnotes":""},"categories":[109,107],"tags":[83,85,84],"class_list":["post-1448","post","type-post","status-publish","format-standard","hentry","category-offers","category-vacdor-offres-promotions-offers-2-travel-agencies","tag-canaries-en","tag-espagne-en","tag-tenerife-en"],"yoast_head":"<!-- This site is optimized with the Yoast SEO plugin v27.5 - https:\/\/yoast.com\/product\/yoast-seo-wordpress\/ -->\n<title>26\/04 - 03\/05\/2015, Tenerif - A\u00e9roport Bergerac Dordogne P\u00e9rigord<\/title>\n<meta name=\"description\" content=\"Site officiel de l&#039;A\u00e9roport Bergerac Dordogne P\u00e9rigord. Voyage, billets d&#039;avion, horaires vols, compagnies a\u00e9riennes, acc\u00e8s et r\u00e9servation parking.\" \/>\n<meta name=\"robots\" content=\"index, follow, max-snippet:-1, max-image-preview:large, max-video-preview:-1\" \/>\n<link rel=\"canonical\" href=\"https:\/\/www.bergerac.aeroport.fr\/en\/2604-03052015-tenerif\/\" \/>\n<meta property=\"og:locale\" content=\"en_US\" \/>\n<meta property=\"og:type\" content=\"article\" \/>\n<meta property=\"og:title\" content=\"26\/04 - 03\/05\/2015, Tenerif - A\u00e9roport Bergerac Dordogne P\u00e9rigord\" \/>\n<meta property=\"og:description\" content=\"Site officiel de l&#039;A\u00e9roport Bergerac Dordogne P\u00e9rigord. Voyage, billets d&#039;avion, horaires vols, compagnies a\u00e9riennes, acc\u00e8s et r\u00e9servation parking.\" \/>\n<meta property=\"og:url\" content=\"https:\/\/www.bergerac.aeroport.fr\/en\/2604-03052015-tenerif\/\" \/>\n<meta property=\"og:site_name\" content=\"A\u00e9roport Bergerac Dordogne P\u00e9rigord\" \/>\n<meta property=\"article:publisher\" content=\"https:\/\/www.facebook.com\/aeroportbergerac.dordogneperigord\" \/>\n<meta property=\"article:published_time\" content=\"2014-09-28T12:21:37+00:00\" \/>\n<meta property=\"article:modified_time\" content=\"2014-10-15T08:25:41+00:00\" \/>\n<meta name=\"author\" content=\"admin_abp\" \/>\n<meta name=\"twitter:label1\" content=\"Written by\" \/>\n\t<meta name=\"twitter:data1\" content=\"admin_abp\" \/>\n<script type=\"application\/ld+json\" class=\"yoast-schema-graph\">{\"@context\":\"https:\\\/\\\/schema.org\",\"@graph\":[{\"@type\":\"Article\",\"@id\":\"https:\\\/\\\/www.bergerac.aeroport.fr\\\/en\\\/2604-03052015-tenerif\\\/#article\",\"isPartOf\":{\"@id\":\"https:\\\/\\\/www.bergerac.aeroport.fr\\\/en\\\/2604-03052015-tenerif\\\/\"},\"author\":{\"name\":\"admin_abp\",\"@id\":\"https:\\\/\\\/www.bergerac.aeroport.fr\\\/#\\\/schema\\\/person\\\/b4be18aee35d78decc95e6bfc738ea82\"},\"headline\":\"26\\\/04 &#8211; 03\\\/05\\\/2015, Tenerif\",\"datePublished\":\"2014-09-28T12:21:37+00:00\",\"dateModified\":\"2014-10-15T08:25:41+00:00\",\"mainEntityOfPage\":{\"@id\":\"https:\\\/\\\/www.bergerac.aeroport.fr\\\/en\\\/2604-03052015-tenerif\\\/\"},\"wordCount\":93,\"commentCount\":0,\"keywords\":[\"Canarian Islands\",\"spain\",\"tenerif\"],\"articleSection\":[\"Offers\",\"Vac'dor\"],\"inLanguage\":\"en-US\",\"potentialAction\":[{\"@type\":\"CommentAction\",\"name\":\"Comment\",\"target\":[\"https:\\\/\\\/www.bergerac.aeroport.fr\\\/en\\\/2604-03052015-tenerif\\\/#respond\"]}]},{\"@type\":\"WebPage\",\"@id\":\"https:\\\/\\\/www.bergerac.aeroport.fr\\\/en\\\/2604-03052015-tenerif\\\/\",\"url\":\"https:\\\/\\\/www.bergerac.aeroport.fr\\\/en\\\/2604-03052015-tenerif\\\/\",\"name\":\"26\\\/04 - 03\\\/05\\\/2015, Tenerif - A\u00e9roport Bergerac Dordogne P\u00e9rigord\",\"isPartOf\":{\"@id\":\"https:\\\/\\\/www.bergerac.aeroport.fr\\\/#website\"},\"datePublished\":\"2014-09-28T12:21:37+00:00\",\"dateModified\":\"2014-10-15T08:25:41+00:00\",\"author\":{\"@id\":\"https:\\\/\\\/www.bergerac.aeroport.fr\\\/#\\\/schema\\\/person\\\/b4be18aee35d78decc95e6bfc738ea82\"},\"description\":\"Site officiel de l'A\u00e9roport Bergerac Dordogne P\u00e9rigord. Voyage, billets d'avion, horaires vols, compagnies a\u00e9riennes, acc\u00e8s et r\u00e9servation parking.\",\"breadcrumb\":{\"@id\":\"https:\\\/\\\/www.bergerac.aeroport.fr\\\/en\\\/2604-03052015-tenerif\\\/#breadcrumb\"},\"inLanguage\":\"en-US\",\"potentialAction\":[{\"@type\":\"ReadAction\",\"target\":[\"https:\\\/\\\/www.bergerac.aeroport.fr\\\/en\\\/2604-03052015-tenerif\\\/\"]}]},{\"@type\":\"BreadcrumbList\",\"@id\":\"https:\\\/\\\/www.bergerac.aeroport.fr\\\/en\\\/2604-03052015-tenerif\\\/#breadcrumb\",\"itemListElement\":[{\"@type\":\"ListItem\",\"position\":1,\"name\":\"Home\",\"item\":\"https:\\\/\\\/www.bergerac.aeroport.fr\\\/en\\\/\"},{\"@type\":\"ListItem\",\"position\":2,\"name\":\"26\\\/04 &#8211; 03\\\/05\\\/2015, Tenerif\"}]},{\"@type\":\"WebSite\",\"@id\":\"https:\\\/\\\/www.bergerac.aeroport.fr\\\/#website\",\"url\":\"https:\\\/\\\/www.bergerac.aeroport.fr\\\/\",\"name\":\"A\u00e9roport Bergerac Dordogne P\u00e9rigord\",\"description\":\"\",\"potentialAction\":[{\"@type\":\"SearchAction\",\"target\":{\"@type\":\"EntryPoint\",\"urlTemplate\":\"https:\\\/\\\/www.bergerac.aeroport.fr\\\/?s={search_term_string}\"},\"query-input\":{\"@type\":\"PropertyValueSpecification\",\"valueRequired\":true,\"valueName\":\"search_term_string\"}}],\"inLanguage\":\"en-US\"},{\"@type\":\"Person\",\"@id\":\"https:\\\/\\\/www.bergerac.aeroport.fr\\\/#\\\/schema\\\/person\\\/b4be18aee35d78decc95e6bfc738ea82\",\"name\":\"admin_abp\",\"image\":{\"@type\":\"ImageObject\",\"inLanguage\":\"en-US\",\"@id\":\"https:\\\/\\\/secure.gravatar.com\\\/avatar\\\/e5d86a5f8d9064d1e76e764a62086795f17cd98bb9832613325b17fff7dd8d67?s=96&d=mm&r=g\",\"url\":\"https:\\\/\\\/secure.gravatar.com\\\/avatar\\\/e5d86a5f8d9064d1e76e764a62086795f17cd98bb9832613325b17fff7dd8d67?s=96&d=mm&r=g\",\"contentUrl\":\"https:\\\/\\\/secure.gravatar.com\\\/avatar\\\/e5d86a5f8d9064d1e76e764a62086795f17cd98bb9832613325b17fff7dd8d67?s=96&d=mm&r=g\",\"caption\":\"admin_abp\"},\"url\":\"https:\\\/\\\/www.bergerac.aeroport.fr\\\/en\\\/author\\\/admin_abp\\\/\"}]}<\/script>\n<!-- \/ Yoast SEO plugin. -->","yoast_head_json":{"title":"26\/04 - 03\/05\/2015, Tenerif - A\u00e9roport Bergerac Dordogne P\u00e9rigord","description":"Site officiel de l'A\u00e9roport Bergerac Dordogne P\u00e9rigord. Voyage, billets d'avion, horaires vols, compagnies a\u00e9riennes, acc\u00e8s et r\u00e9servation parking.","robots":{"index":"index","follow":"follow","max-snippet":"max-snippet:-1","max-image-preview":"max-image-preview:large","max-video-preview":"max-video-preview:-1"},"canonical":"https:\/\/www.bergerac.aeroport.fr\/en\/2604-03052015-tenerif\/","og_locale":"en_US","og_type":"article","og_title":"26\/04 - 03\/05\/2015, Tenerif - A\u00e9roport Bergerac Dordogne P\u00e9rigord","og_description":"Site officiel de l'A\u00e9roport Bergerac Dordogne P\u00e9rigord. Voyage, billets d'avion, horaires vols, compagnies a\u00e9riennes, acc\u00e8s et r\u00e9servation parking.","og_url":"https:\/\/www.bergerac.aeroport.fr\/en\/2604-03052015-tenerif\/","og_site_name":"A\u00e9roport Bergerac Dordogne P\u00e9rigord","article_publisher":"https:\/\/www.facebook.com\/aeroportbergerac.dordogneperigord","article_published_time":"2014-09-28T12:21:37+00:00","article_modified_time":"2014-10-15T08:25:41+00:00","author":"admin_abp","twitter_misc":{"Written by":"admin_abp"},"schema":{"@context":"https:\/\/schema.org","@graph":[{"@type":"Article","@id":"https:\/\/www.bergerac.aeroport.fr\/en\/2604-03052015-tenerif\/#article","isPartOf":{"@id":"https:\/\/www.bergerac.aeroport.fr\/en\/2604-03052015-tenerif\/"},"author":{"name":"admin_abp","@id":"https:\/\/www.bergerac.aeroport.fr\/#\/schema\/person\/b4be18aee35d78decc95e6bfc738ea82"},"headline":"26\/04 &#8211; 03\/05\/2015, Tenerif","datePublished":"2014-09-28T12:21:37+00:00","dateModified":"2014-10-15T08:25:41+00:00","mainEntityOfPage":{"@id":"https:\/\/www.bergerac.aeroport.fr\/en\/2604-03052015-tenerif\/"},"wordCount":93,"commentCount":0,"keywords":["Canarian Islands","spain","tenerif"],"articleSection":["Offers","Vac'dor"],"inLanguage":"en-US","potentialAction":[{"@type":"CommentAction","name":"Comment","target":["https:\/\/www.bergerac.aeroport.fr\/en\/2604-03052015-tenerif\/#respond"]}]},{"@type":"WebPage","@id":"https:\/\/www.bergerac.aeroport.fr\/en\/2604-03052015-tenerif\/","url":"https:\/\/www.bergerac.aeroport.fr\/en\/2604-03052015-tenerif\/","name":"26\/04 - 03\/05\/2015, Tenerif - A\u00e9roport Bergerac Dordogne P\u00e9rigord","isPartOf":{"@id":"https:\/\/www.bergerac.aeroport.fr\/#website"},"datePublished":"2014-09-28T12:21:37+00:00","dateModified":"2014-10-15T08:25:41+00:00","author":{"@id":"https:\/\/www.bergerac.aeroport.fr\/#\/schema\/person\/b4be18aee35d78decc95e6bfc738ea82"},"description":"Site officiel de l'A\u00e9roport Bergerac Dordogne P\u00e9rigord. Voyage, billets d'avion, horaires vols, compagnies a\u00e9riennes, acc\u00e8s et r\u00e9servation parking.","breadcrumb":{"@id":"https:\/\/www.bergerac.aeroport.fr\/en\/2604-03052015-tenerif\/#breadcrumb"},"inLanguage":"en-US","potentialAction":[{"@type":"ReadAction","target":["https:\/\/www.bergerac.aeroport.fr\/en\/2604-03052015-tenerif\/"]}]},{"@type":"BreadcrumbList","@id":"https:\/\/www.bergerac.aeroport.fr\/en\/2604-03052015-tenerif\/#breadcrumb","itemListElement":[{"@type":"ListItem","position":1,"name":"Home","item":"https:\/\/www.bergerac.aeroport.fr\/en\/"},{"@type":"ListItem","position":2,"name":"26\/04 &#8211; 03\/05\/2015, Tenerif"}]},{"@type":"WebSite","@id":"https:\/\/www.bergerac.aeroport.fr\/#website","url":"https:\/\/www.bergerac.aeroport.fr\/","name":"A\u00e9roport Bergerac Dordogne P\u00e9rigord","description":"","potentialAction":[{"@type":"SearchAction","target":{"@type":"EntryPoint","urlTemplate":"https:\/\/www.bergerac.aeroport.fr\/?s={search_term_string}"},"query-input":{"@type":"PropertyValueSpecification","valueRequired":true,"valueName":"search_term_string"}}],"inLanguage":"en-US"},{"@type":"Person","@id":"https:\/\/www.bergerac.aeroport.fr\/#\/schema\/person\/b4be18aee35d78decc95e6bfc738ea82","name":"admin_abp","image":{"@type":"ImageObject","inLanguage":"en-US","@id":"https:\/\/secure.gravatar.com\/avatar\/e5d86a5f8d9064d1e76e764a62086795f17cd98bb9832613325b17fff7dd8d67?s=96&d=mm&r=g","url":"https:\/\/secure.gravatar.com\/avatar\/e5d86a5f8d9064d1e76e764a62086795f17cd98bb9832613325b17fff7dd8d67?s=96&d=mm&r=g","contentUrl":"https:\/\/secure.gravatar.com\/avatar\/e5d86a5f8d9064d1e76e764a62086795f17cd98bb9832613325b17fff7dd8d67?s=96&d=mm&r=g","caption":"admin_abp"},"url":"https:\/\/www.bergerac.aeroport.fr\/en\/author\/admin_abp\/"}]}},"_links":{"self":[{"href":"https:\/\/www.bergerac.aeroport.fr\/en\/wp-json\/wp\/v2\/posts\/1448\/"}],"collection":[{"href":"https:\/\/www.bergerac.aeroport.fr\/en\/wp-json\/wp\/v2\/posts\/"}],"about":[{"href":"https:\/\/www.bergerac.aeroport.fr\/en\/wp-json\/wp\/v2\/types\/post\/"}],"author":[{"embeddable":true,"href":"https:\/\/www.bergerac.aeroport.fr\/en\/wp-json\/wp\/v2\/users\/2\/"}],"replies":[{"embeddable":true,"href":"https:\/\/www.bergerac.aeroport.fr\/en\/wp-json\/wp\/v2\/comments\/?post=1448"}],"version-history":[{"count":3,"href":"https:\/\/www.bergerac.aeroport.fr\/en\/wp-json\/wp\/v2\/posts\/1448\/revisions\/"}],"predecessor-version":[{"id":1679,"href":"https:\/\/www.bergerac.aeroport.fr\/en\/wp-json\/wp\/v2\/posts\/1448\/revisions\/1679\/"}],"wp:attachment":[{"href":"https:\/\/www.bergerac.aeroport.fr\/en\/wp-json\/wp\/v2\/media\/?parent=1448"}],"wp:term":[{"taxonomy":"category","embeddable":true,"href":"https:\/\/www.bergerac.aeroport.fr\/en\/wp-json\/wp\/v2\/categories\/?post=1448"},{"taxonomy":"post_tag","embeddable":true,"href":"https:\/\/www.bergerac.aeroport.fr\/en\/wp-json\/wp\/v2\/tags\/?post=1448"}],"curies":[{"name":"wp","href":"https:\/\/api.w.org\/{rel}","templated":true}]}}