{"id":3722,"date":"2017-07-10T15:22:24","date_gmt":"2017-07-10T14:22:24","guid":{"rendered":"https:\/\/www.bergerac.aeroport.fr\/?p=3722\/"},"modified":"2017-07-10T15:23:03","modified_gmt":"2017-07-10T14:23:03","slug":"weekend-in-the-sun","status":"publish","type":"post","link":"https:\/\/www.bergerac.aeroport.fr\/en\/weekend-in-the-sun\/","title":{"rendered":"Weekend in the sun !"},"content":{"rendered":"<p><strong>IGavion has chosen Bergerac Airport as its new French base\u2026<\/strong>.<\/p>\n<p><strong>Direct flights to Nice 3 times a week!<\/strong><\/p>\n<p>Operating a Saab 340, IGavion is a family friendly airline that now provides flights between the Dordogne and the Mediterranean 3 times a week with prices starting from just 69\u20ac including taxes and luggage one way,  kids fly half price!<\/p>\n<p>With flights on Fridays, Sundays and Mondays, you can  spend a weekend sunbathing, shopping and partying on the Azure Coast from June until the end of September, so book your tickets now directly on the IGavion website: <a href=\"http:\/\/www.igavion.fr\/\">www.igavion.fr<\/a> or by phone: +33 (0) 826 991 080 or by booking directly at Bergerac Ariport.<\/p>\n<p>For the specific times and days, please check the IGavion website.<\/p>\n<p><a href=\"https:\/\/www.bergerac.aeroport.fr\/wp-content\/uploads\/2017\/07\/IMG_0693.jpg\"><img fetchpriority=\"high\" decoding=\"async\" src=\"https:\/\/www.bergerac.aeroport.fr\/wp-content\/uploads\/2017\/07\/IMG_0693-1024x683.jpg\" alt=\"\" width=\"1024\" height=\"683\" class=\"alignnone size-large wp-image-3718\" srcset=\"https:\/\/www.bergerac.aeroport.fr\/wp-content\/uploads\/2017\/07\/IMG_0693-1024x683.jpg 1024w, https:\/\/www.bergerac.aeroport.fr\/wp-content\/uploads\/2017\/07\/IMG_0693-300x200.jpg 300w, https:\/\/www.bergerac.aeroport.fr\/wp-content\/uploads\/2017\/07\/IMG_0693-768x512.jpg 768w, https:\/\/www.bergerac.aeroport.fr\/wp-content\/uploads\/2017\/07\/IMG_0693-180x120.jpg 180w\" sizes=\"(max-width: 1024px) 100vw, 1024px\" \/><\/a><\/p>\n","protected":false},"excerpt":{"rendered":"<p>IGavion has chosen Bergerac Airport as its new French base\u2026. Direct flights to Nice 3 times a week! Operating a Saab 340, IGavion is a family friendly airline that now provides flights between the Dordogne and the Mediterranean 3 times a week with prices starting from just 69\u20ac including taxes and luggage one way, kids [&hellip;]<\/p>\n","protected":false},"author":2,"featured_media":0,"comment_status":"closed","ping_status":"open","sticky":false,"template":"","format":"standard","meta":{"footnotes":""},"categories":[50],"tags":[],"class_list":["post-3722","post","type-post","status-publish","format-standard","hentry","category-non-classe-en"],"yoast_head":"<!-- This site is optimized with the Yoast SEO plugin v27.5 - https:\/\/yoast.com\/product\/yoast-seo-wordpress\/ -->\n<title>Weekend in the sun ! - A\u00e9roport Bergerac Dordogne P\u00e9rigord<\/title>\n<meta name=\"description\" content=\"Site officiel de l&#039;A\u00e9roport Bergerac Dordogne P\u00e9rigord. Voyage, billets d&#039;avion, horaires vols, compagnies a\u00e9riennes, acc\u00e8s et r\u00e9servation parking.\" \/>\n<meta name=\"robots\" content=\"index, follow, max-snippet:-1, max-image-preview:large, max-video-preview:-1\" \/>\n<link rel=\"canonical\" href=\"https:\/\/www.bergerac.aeroport.fr\/en\/weekend-in-the-sun\/\" \/>\n<meta property=\"og:locale\" content=\"en_US\" \/>\n<meta property=\"og:type\" content=\"article\" \/>\n<meta property=\"og:title\" content=\"Weekend in the sun ! - A\u00e9roport Bergerac Dordogne P\u00e9rigord\" \/>\n<meta property=\"og:description\" content=\"Site officiel de l&#039;A\u00e9roport Bergerac Dordogne P\u00e9rigord. Voyage, billets d&#039;avion, horaires vols, compagnies a\u00e9riennes, acc\u00e8s et r\u00e9servation parking.\" \/>\n<meta property=\"og:url\" content=\"https:\/\/www.bergerac.aeroport.fr\/en\/weekend-in-the-sun\/\" \/>\n<meta property=\"og:site_name\" content=\"A\u00e9roport Bergerac Dordogne P\u00e9rigord\" \/>\n<meta property=\"article:publisher\" content=\"https:\/\/www.facebook.com\/aeroportbergerac.dordogneperigord\" \/>\n<meta property=\"article:published_time\" content=\"2017-07-10T14:22:24+00:00\" \/>\n<meta property=\"article:modified_time\" content=\"2017-07-10T14:23:03+00:00\" \/>\n<meta property=\"og:image\" content=\"https:\/\/www.bergerac.aeroport.fr\/wp-content\/uploads\/2017\/07\/IMG_0693-1024x683.jpg\" \/>\n<meta name=\"author\" content=\"admin_abp\" \/>\n<meta name=\"twitter:label1\" content=\"Written by\" \/>\n\t<meta name=\"twitter:data1\" content=\"admin_abp\" \/>\n\t<meta name=\"twitter:label2\" content=\"Est. reading time\" \/>\n\t<meta name=\"twitter:data2\" content=\"1 minute\" \/>\n<script type=\"application\/ld+json\" class=\"yoast-schema-graph\">{\"@context\":\"https:\\\/\\\/schema.org\",\"@graph\":[{\"@type\":\"Article\",\"@id\":\"https:\\\/\\\/www.bergerac.aeroport.fr\\\/en\\\/weekend-in-the-sun\\\/#article\",\"isPartOf\":{\"@id\":\"https:\\\/\\\/www.bergerac.aeroport.fr\\\/en\\\/weekend-in-the-sun\\\/\"},\"author\":{\"name\":\"admin_abp\",\"@id\":\"https:\\\/\\\/www.bergerac.aeroport.fr\\\/#\\\/schema\\\/person\\\/b4be18aee35d78decc95e6bfc738ea82\"},\"headline\":\"Weekend in the sun !\",\"datePublished\":\"2017-07-10T14:22:24+00:00\",\"dateModified\":\"2017-07-10T14:23:03+00:00\",\"mainEntityOfPage\":{\"@id\":\"https:\\\/\\\/www.bergerac.aeroport.fr\\\/en\\\/weekend-in-the-sun\\\/\"},\"wordCount\":119,\"image\":{\"@id\":\"https:\\\/\\\/www.bergerac.aeroport.fr\\\/en\\\/weekend-in-the-sun\\\/#primaryimage\"},\"thumbnailUrl\":\"https:\\\/\\\/www.bergerac.aeroport.fr\\\/wp-content\\\/uploads\\\/2017\\\/07\\\/IMG_0693-1024x683.jpg\",\"articleSection\":[\"Non class\u00e9\"],\"inLanguage\":\"en-US\"},{\"@type\":\"WebPage\",\"@id\":\"https:\\\/\\\/www.bergerac.aeroport.fr\\\/en\\\/weekend-in-the-sun\\\/\",\"url\":\"https:\\\/\\\/www.bergerac.aeroport.fr\\\/en\\\/weekend-in-the-sun\\\/\",\"name\":\"Weekend in the sun ! - A\u00e9roport Bergerac Dordogne P\u00e9rigord\",\"isPartOf\":{\"@id\":\"https:\\\/\\\/www.bergerac.aeroport.fr\\\/#website\"},\"primaryImageOfPage\":{\"@id\":\"https:\\\/\\\/www.bergerac.aeroport.fr\\\/en\\\/weekend-in-the-sun\\\/#primaryimage\"},\"image\":{\"@id\":\"https:\\\/\\\/www.bergerac.aeroport.fr\\\/en\\\/weekend-in-the-sun\\\/#primaryimage\"},\"thumbnailUrl\":\"https:\\\/\\\/www.bergerac.aeroport.fr\\\/wp-content\\\/uploads\\\/2017\\\/07\\\/IMG_0693-1024x683.jpg\",\"datePublished\":\"2017-07-10T14:22:24+00:00\",\"dateModified\":\"2017-07-10T14:23:03+00:00\",\"author\":{\"@id\":\"https:\\\/\\\/www.bergerac.aeroport.fr\\\/#\\\/schema\\\/person\\\/b4be18aee35d78decc95e6bfc738ea82\"},\"description\":\"Site officiel de l'A\u00e9roport Bergerac Dordogne P\u00e9rigord. Voyage, billets d'avion, horaires vols, compagnies a\u00e9riennes, acc\u00e8s et r\u00e9servation parking.\",\"breadcrumb\":{\"@id\":\"https:\\\/\\\/www.bergerac.aeroport.fr\\\/en\\\/weekend-in-the-sun\\\/#breadcrumb\"},\"inLanguage\":\"en-US\",\"potentialAction\":[{\"@type\":\"ReadAction\",\"target\":[\"https:\\\/\\\/www.bergerac.aeroport.fr\\\/en\\\/weekend-in-the-sun\\\/\"]}]},{\"@type\":\"ImageObject\",\"inLanguage\":\"en-US\",\"@id\":\"https:\\\/\\\/www.bergerac.aeroport.fr\\\/en\\\/weekend-in-the-sun\\\/#primaryimage\",\"url\":\"https:\\\/\\\/www.bergerac.aeroport.fr\\\/wp-content\\\/uploads\\\/2017\\\/07\\\/IMG_0693-1024x683.jpg\",\"contentUrl\":\"https:\\\/\\\/www.bergerac.aeroport.fr\\\/wp-content\\\/uploads\\\/2017\\\/07\\\/IMG_0693-1024x683.jpg\"},{\"@type\":\"BreadcrumbList\",\"@id\":\"https:\\\/\\\/www.bergerac.aeroport.fr\\\/en\\\/weekend-in-the-sun\\\/#breadcrumb\",\"itemListElement\":[{\"@type\":\"ListItem\",\"position\":1,\"name\":\"Home\",\"item\":\"https:\\\/\\\/www.bergerac.aeroport.fr\\\/en\\\/\"},{\"@type\":\"ListItem\",\"position\":2,\"name\":\"Weekend in the sun !\"}]},{\"@type\":\"WebSite\",\"@id\":\"https:\\\/\\\/www.bergerac.aeroport.fr\\\/#website\",\"url\":\"https:\\\/\\\/www.bergerac.aeroport.fr\\\/\",\"name\":\"A\u00e9roport Bergerac Dordogne P\u00e9rigord\",\"description\":\"\",\"potentialAction\":[{\"@type\":\"SearchAction\",\"target\":{\"@type\":\"EntryPoint\",\"urlTemplate\":\"https:\\\/\\\/www.bergerac.aeroport.fr\\\/?s={search_term_string}\"},\"query-input\":{\"@type\":\"PropertyValueSpecification\",\"valueRequired\":true,\"valueName\":\"search_term_string\"}}],\"inLanguage\":\"en-US\"},{\"@type\":\"Person\",\"@id\":\"https:\\\/\\\/www.bergerac.aeroport.fr\\\/#\\\/schema\\\/person\\\/b4be18aee35d78decc95e6bfc738ea82\",\"name\":\"admin_abp\",\"image\":{\"@type\":\"ImageObject\",\"inLanguage\":\"en-US\",\"@id\":\"https:\\\/\\\/secure.gravatar.com\\\/avatar\\\/e5d86a5f8d9064d1e76e764a62086795f17cd98bb9832613325b17fff7dd8d67?s=96&d=mm&r=g\",\"url\":\"https:\\\/\\\/secure.gravatar.com\\\/avatar\\\/e5d86a5f8d9064d1e76e764a62086795f17cd98bb9832613325b17fff7dd8d67?s=96&d=mm&r=g\",\"contentUrl\":\"https:\\\/\\\/secure.gravatar.com\\\/avatar\\\/e5d86a5f8d9064d1e76e764a62086795f17cd98bb9832613325b17fff7dd8d67?s=96&d=mm&r=g\",\"caption\":\"admin_abp\"},\"url\":\"https:\\\/\\\/www.bergerac.aeroport.fr\\\/en\\\/author\\\/admin_abp\\\/\"}]}<\/script>\n<!-- \/ Yoast SEO plugin. -->","yoast_head_json":{"title":"Weekend in the sun ! - A\u00e9roport Bergerac Dordogne P\u00e9rigord","description":"Site officiel de l'A\u00e9roport Bergerac Dordogne P\u00e9rigord. Voyage, billets d'avion, horaires vols, compagnies a\u00e9riennes, acc\u00e8s et r\u00e9servation parking.","robots":{"index":"index","follow":"follow","max-snippet":"max-snippet:-1","max-image-preview":"max-image-preview:large","max-video-preview":"max-video-preview:-1"},"canonical":"https:\/\/www.bergerac.aeroport.fr\/en\/weekend-in-the-sun\/","og_locale":"en_US","og_type":"article","og_title":"Weekend in the sun ! - A\u00e9roport Bergerac Dordogne P\u00e9rigord","og_description":"Site officiel de l'A\u00e9roport Bergerac Dordogne P\u00e9rigord. Voyage, billets d'avion, horaires vols, compagnies a\u00e9riennes, acc\u00e8s et r\u00e9servation parking.","og_url":"https:\/\/www.bergerac.aeroport.fr\/en\/weekend-in-the-sun\/","og_site_name":"A\u00e9roport Bergerac Dordogne P\u00e9rigord","article_publisher":"https:\/\/www.facebook.com\/aeroportbergerac.dordogneperigord","article_published_time":"2017-07-10T14:22:24+00:00","article_modified_time":"2017-07-10T14:23:03+00:00","og_image":[{"url":"https:\/\/www.bergerac.aeroport.fr\/wp-content\/uploads\/2017\/07\/IMG_0693-1024x683.jpg","type":"","width":"","height":""}],"author":"admin_abp","twitter_misc":{"Written by":"admin_abp","Est. reading time":"1 minute"},"schema":{"@context":"https:\/\/schema.org","@graph":[{"@type":"Article","@id":"https:\/\/www.bergerac.aeroport.fr\/en\/weekend-in-the-sun\/#article","isPartOf":{"@id":"https:\/\/www.bergerac.aeroport.fr\/en\/weekend-in-the-sun\/"},"author":{"name":"admin_abp","@id":"https:\/\/www.bergerac.aeroport.fr\/#\/schema\/person\/b4be18aee35d78decc95e6bfc738ea82"},"headline":"Weekend in the sun !","datePublished":"2017-07-10T14:22:24+00:00","dateModified":"2017-07-10T14:23:03+00:00","mainEntityOfPage":{"@id":"https:\/\/www.bergerac.aeroport.fr\/en\/weekend-in-the-sun\/"},"wordCount":119,"image":{"@id":"https:\/\/www.bergerac.aeroport.fr\/en\/weekend-in-the-sun\/#primaryimage"},"thumbnailUrl":"https:\/\/www.bergerac.aeroport.fr\/wp-content\/uploads\/2017\/07\/IMG_0693-1024x683.jpg","articleSection":["Non class\u00e9"],"inLanguage":"en-US"},{"@type":"WebPage","@id":"https:\/\/www.bergerac.aeroport.fr\/en\/weekend-in-the-sun\/","url":"https:\/\/www.bergerac.aeroport.fr\/en\/weekend-in-the-sun\/","name":"Weekend in the sun ! - A\u00e9roport Bergerac Dordogne P\u00e9rigord","isPartOf":{"@id":"https:\/\/www.bergerac.aeroport.fr\/#website"},"primaryImageOfPage":{"@id":"https:\/\/www.bergerac.aeroport.fr\/en\/weekend-in-the-sun\/#primaryimage"},"image":{"@id":"https:\/\/www.bergerac.aeroport.fr\/en\/weekend-in-the-sun\/#primaryimage"},"thumbnailUrl":"https:\/\/www.bergerac.aeroport.fr\/wp-content\/uploads\/2017\/07\/IMG_0693-1024x683.jpg","datePublished":"2017-07-10T14:22:24+00:00","dateModified":"2017-07-10T14:23:03+00:00","author":{"@id":"https:\/\/www.bergerac.aeroport.fr\/#\/schema\/person\/b4be18aee35d78decc95e6bfc738ea82"},"description":"Site officiel de l'A\u00e9roport Bergerac Dordogne P\u00e9rigord. Voyage, billets d'avion, horaires vols, compagnies a\u00e9riennes, acc\u00e8s et r\u00e9servation parking.","breadcrumb":{"@id":"https:\/\/www.bergerac.aeroport.fr\/en\/weekend-in-the-sun\/#breadcrumb"},"inLanguage":"en-US","potentialAction":[{"@type":"ReadAction","target":["https:\/\/www.bergerac.aeroport.fr\/en\/weekend-in-the-sun\/"]}]},{"@type":"ImageObject","inLanguage":"en-US","@id":"https:\/\/www.bergerac.aeroport.fr\/en\/weekend-in-the-sun\/#primaryimage","url":"https:\/\/www.bergerac.aeroport.fr\/wp-content\/uploads\/2017\/07\/IMG_0693-1024x683.jpg","contentUrl":"https:\/\/www.bergerac.aeroport.fr\/wp-content\/uploads\/2017\/07\/IMG_0693-1024x683.jpg"},{"@type":"BreadcrumbList","@id":"https:\/\/www.bergerac.aeroport.fr\/en\/weekend-in-the-sun\/#breadcrumb","itemListElement":[{"@type":"ListItem","position":1,"name":"Home","item":"https:\/\/www.bergerac.aeroport.fr\/en\/"},{"@type":"ListItem","position":2,"name":"Weekend in the sun !"}]},{"@type":"WebSite","@id":"https:\/\/www.bergerac.aeroport.fr\/#website","url":"https:\/\/www.bergerac.aeroport.fr\/","name":"A\u00e9roport Bergerac Dordogne P\u00e9rigord","description":"","potentialAction":[{"@type":"SearchAction","target":{"@type":"EntryPoint","urlTemplate":"https:\/\/www.bergerac.aeroport.fr\/?s={search_term_string}"},"query-input":{"@type":"PropertyValueSpecification","valueRequired":true,"valueName":"search_term_string"}}],"inLanguage":"en-US"},{"@type":"Person","@id":"https:\/\/www.bergerac.aeroport.fr\/#\/schema\/person\/b4be18aee35d78decc95e6bfc738ea82","name":"admin_abp","image":{"@type":"ImageObject","inLanguage":"en-US","@id":"https:\/\/secure.gravatar.com\/avatar\/e5d86a5f8d9064d1e76e764a62086795f17cd98bb9832613325b17fff7dd8d67?s=96&d=mm&r=g","url":"https:\/\/secure.gravatar.com\/avatar\/e5d86a5f8d9064d1e76e764a62086795f17cd98bb9832613325b17fff7dd8d67?s=96&d=mm&r=g","contentUrl":"https:\/\/secure.gravatar.com\/avatar\/e5d86a5f8d9064d1e76e764a62086795f17cd98bb9832613325b17fff7dd8d67?s=96&d=mm&r=g","caption":"admin_abp"},"url":"https:\/\/www.bergerac.aeroport.fr\/en\/author\/admin_abp\/"}]}},"_links":{"self":[{"href":"https:\/\/www.bergerac.aeroport.fr\/en\/wp-json\/wp\/v2\/posts\/3722\/"}],"collection":[{"href":"https:\/\/www.bergerac.aeroport.fr\/en\/wp-json\/wp\/v2\/posts\/"}],"about":[{"href":"https:\/\/www.bergerac.aeroport.fr\/en\/wp-json\/wp\/v2\/types\/post\/"}],"author":[{"embeddable":true,"href":"https:\/\/www.bergerac.aeroport.fr\/en\/wp-json\/wp\/v2\/users\/2\/"}],"replies":[{"embeddable":true,"href":"https:\/\/www.bergerac.aeroport.fr\/en\/wp-json\/wp\/v2\/comments\/?post=3722"}],"version-history":[{"count":2,"href":"https:\/\/www.bergerac.aeroport.fr\/en\/wp-json\/wp\/v2\/posts\/3722\/revisions\/"}],"predecessor-version":[{"id":3724,"href":"https:\/\/www.bergerac.aeroport.fr\/en\/wp-json\/wp\/v2\/posts\/3722\/revisions\/3724\/"}],"wp:attachment":[{"href":"https:\/\/www.bergerac.aeroport.fr\/en\/wp-json\/wp\/v2\/media\/?parent=3722"}],"wp:term":[{"taxonomy":"category","embeddable":true,"href":"https:\/\/www.bergerac.aeroport.fr\/en\/wp-json\/wp\/v2\/categories\/?post=3722"},{"taxonomy":"post_tag","embeddable":true,"href":"https:\/\/www.bergerac.aeroport.fr\/en\/wp-json\/wp\/v2\/tags\/?post=3722"}],"curies":[{"name":"wp","href":"https:\/\/api.w.org\/{rel}","templated":true}]}}