{"id":4161,"date":"2018-03-23T14:47:05","date_gmt":"2018-03-23T13:47:05","guid":{"rendered":"https:\/\/www.bergerac.aeroport.fr\/?p=4161"},"modified":"2018-03-23T14:47:05","modified_gmt":"2018-03-23T13:47:05","slug":"bristol-is-back","status":"publish","type":"post","link":"https:\/\/www.bergerac.aeroport.fr\/en\/bristol-is-back\/","title":{"rendered":"Bristol is back !!"},"content":{"rendered":"<p>Flights to and from Bristol Airport this summer every Monday &#038; Wednesday. <\/p>\n<p>They will be available for booking in the next few days!<\/p>\n<p>Check on <a href=\"http:\/\/ryanair.com\">Ryanair website<\/a>. <\/p>\n<p><a href=\"https:\/\/www.bergerac.aeroport.fr\/wp-content\/uploads\/2014\/09\/bristol_small.jpg\"><img fetchpriority=\"high\" decoding=\"async\" src=\"https:\/\/www.bergerac.aeroport.fr\/wp-content\/uploads\/2014\/09\/bristol_small.jpg\" alt=\"\" width=\"400\" height=\"249\" class=\"alignnone size-full wp-image-1597\" srcset=\"https:\/\/www.bergerac.aeroport.fr\/wp-content\/uploads\/2014\/09\/bristol_small.jpg 400w, https:\/\/www.bergerac.aeroport.fr\/wp-content\/uploads\/2014\/09\/bristol_small-300x186.jpg 300w\" sizes=\"(max-width: 400px) 100vw, 400px\" \/><\/a><\/p>\n","protected":false},"excerpt":{"rendered":"<p>Flights to and from Bristol Airport this summer every Monday &#038; Wednesday. They will be available for booking in the next few days! Check on Ryanair website.<\/p>\n","protected":false},"author":2,"featured_media":0,"comment_status":"closed","ping_status":"open","sticky":false,"template":"","format":"standard","meta":{"footnotes":""},"categories":[50],"tags":[],"class_list":["post-4161","post","type-post","status-publish","format-standard","hentry","category-non-classe-en"],"yoast_head":"<!-- This site is optimized with the Yoast SEO plugin v27.5 - https:\/\/yoast.com\/product\/yoast-seo-wordpress\/ -->\n<title>Bristol is back !! - A\u00e9roport Bergerac Dordogne P\u00e9rigord<\/title>\n<meta name=\"description\" content=\"Site officiel de l&#039;A\u00e9roport Bergerac Dordogne P\u00e9rigord. Voyage, billets d&#039;avion, horaires vols, compagnies a\u00e9riennes, acc\u00e8s et r\u00e9servation parking.\" \/>\n<meta name=\"robots\" content=\"index, follow, max-snippet:-1, max-image-preview:large, max-video-preview:-1\" \/>\n<link rel=\"canonical\" href=\"https:\/\/www.bergerac.aeroport.fr\/en\/bristol-is-back\/\" \/>\n<meta property=\"og:locale\" content=\"en_US\" \/>\n<meta property=\"og:type\" content=\"article\" \/>\n<meta property=\"og:title\" content=\"Bristol is back !! - A\u00e9roport Bergerac Dordogne P\u00e9rigord\" \/>\n<meta property=\"og:description\" content=\"Site officiel de l&#039;A\u00e9roport Bergerac Dordogne P\u00e9rigord. Voyage, billets d&#039;avion, horaires vols, compagnies a\u00e9riennes, acc\u00e8s et r\u00e9servation parking.\" \/>\n<meta property=\"og:url\" content=\"https:\/\/www.bergerac.aeroport.fr\/en\/bristol-is-back\/\" \/>\n<meta property=\"og:site_name\" content=\"A\u00e9roport Bergerac Dordogne P\u00e9rigord\" \/>\n<meta property=\"article:publisher\" content=\"https:\/\/www.facebook.com\/aeroportbergerac.dordogneperigord\" \/>\n<meta property=\"article:published_time\" content=\"2018-03-23T13:47:05+00:00\" \/>\n<meta property=\"og:image\" content=\"https:\/\/www.bergerac.aeroport.fr\/wp-content\/uploads\/2014\/09\/bristol_small.jpg\" \/>\n<meta name=\"author\" content=\"admin_abp\" \/>\n<meta name=\"twitter:label1\" content=\"Written by\" \/>\n\t<meta name=\"twitter:data1\" content=\"admin_abp\" \/>\n<script type=\"application\/ld+json\" class=\"yoast-schema-graph\">{\"@context\":\"https:\\\/\\\/schema.org\",\"@graph\":[{\"@type\":\"Article\",\"@id\":\"https:\\\/\\\/www.bergerac.aeroport.fr\\\/en\\\/bristol-is-back\\\/#article\",\"isPartOf\":{\"@id\":\"https:\\\/\\\/www.bergerac.aeroport.fr\\\/en\\\/bristol-is-back\\\/\"},\"author\":{\"name\":\"admin_abp\",\"@id\":\"https:\\\/\\\/www.bergerac.aeroport.fr\\\/#\\\/schema\\\/person\\\/b4be18aee35d78decc95e6bfc738ea82\"},\"headline\":\"Bristol is back !!\",\"datePublished\":\"2018-03-23T13:47:05+00:00\",\"mainEntityOfPage\":{\"@id\":\"https:\\\/\\\/www.bergerac.aeroport.fr\\\/en\\\/bristol-is-back\\\/\"},\"wordCount\":29,\"image\":{\"@id\":\"https:\\\/\\\/www.bergerac.aeroport.fr\\\/en\\\/bristol-is-back\\\/#primaryimage\"},\"thumbnailUrl\":\"https:\\\/\\\/www.bergerac.aeroport.fr\\\/wp-content\\\/uploads\\\/2014\\\/09\\\/bristol_small.jpg\",\"articleSection\":[\"Non class\u00e9\"],\"inLanguage\":\"en-US\"},{\"@type\":\"WebPage\",\"@id\":\"https:\\\/\\\/www.bergerac.aeroport.fr\\\/en\\\/bristol-is-back\\\/\",\"url\":\"https:\\\/\\\/www.bergerac.aeroport.fr\\\/en\\\/bristol-is-back\\\/\",\"name\":\"Bristol is back !! - A\u00e9roport Bergerac Dordogne P\u00e9rigord\",\"isPartOf\":{\"@id\":\"https:\\\/\\\/www.bergerac.aeroport.fr\\\/#website\"},\"primaryImageOfPage\":{\"@id\":\"https:\\\/\\\/www.bergerac.aeroport.fr\\\/en\\\/bristol-is-back\\\/#primaryimage\"},\"image\":{\"@id\":\"https:\\\/\\\/www.bergerac.aeroport.fr\\\/en\\\/bristol-is-back\\\/#primaryimage\"},\"thumbnailUrl\":\"https:\\\/\\\/www.bergerac.aeroport.fr\\\/wp-content\\\/uploads\\\/2014\\\/09\\\/bristol_small.jpg\",\"datePublished\":\"2018-03-23T13:47:05+00:00\",\"author\":{\"@id\":\"https:\\\/\\\/www.bergerac.aeroport.fr\\\/#\\\/schema\\\/person\\\/b4be18aee35d78decc95e6bfc738ea82\"},\"description\":\"Site officiel de l'A\u00e9roport Bergerac Dordogne P\u00e9rigord. Voyage, billets d'avion, horaires vols, compagnies a\u00e9riennes, acc\u00e8s et r\u00e9servation parking.\",\"breadcrumb\":{\"@id\":\"https:\\\/\\\/www.bergerac.aeroport.fr\\\/en\\\/bristol-is-back\\\/#breadcrumb\"},\"inLanguage\":\"en-US\",\"potentialAction\":[{\"@type\":\"ReadAction\",\"target\":[\"https:\\\/\\\/www.bergerac.aeroport.fr\\\/en\\\/bristol-is-back\\\/\"]}]},{\"@type\":\"ImageObject\",\"inLanguage\":\"en-US\",\"@id\":\"https:\\\/\\\/www.bergerac.aeroport.fr\\\/en\\\/bristol-is-back\\\/#primaryimage\",\"url\":\"https:\\\/\\\/www.bergerac.aeroport.fr\\\/wp-content\\\/uploads\\\/2014\\\/09\\\/bristol_small.jpg\",\"contentUrl\":\"https:\\\/\\\/www.bergerac.aeroport.fr\\\/wp-content\\\/uploads\\\/2014\\\/09\\\/bristol_small.jpg\"},{\"@type\":\"BreadcrumbList\",\"@id\":\"https:\\\/\\\/www.bergerac.aeroport.fr\\\/en\\\/bristol-is-back\\\/#breadcrumb\",\"itemListElement\":[{\"@type\":\"ListItem\",\"position\":1,\"name\":\"Home\",\"item\":\"https:\\\/\\\/www.bergerac.aeroport.fr\\\/en\\\/\"},{\"@type\":\"ListItem\",\"position\":2,\"name\":\"Bristol is back !!\"}]},{\"@type\":\"WebSite\",\"@id\":\"https:\\\/\\\/www.bergerac.aeroport.fr\\\/#website\",\"url\":\"https:\\\/\\\/www.bergerac.aeroport.fr\\\/\",\"name\":\"A\u00e9roport Bergerac Dordogne P\u00e9rigord\",\"description\":\"\",\"potentialAction\":[{\"@type\":\"SearchAction\",\"target\":{\"@type\":\"EntryPoint\",\"urlTemplate\":\"https:\\\/\\\/www.bergerac.aeroport.fr\\\/?s={search_term_string}\"},\"query-input\":{\"@type\":\"PropertyValueSpecification\",\"valueRequired\":true,\"valueName\":\"search_term_string\"}}],\"inLanguage\":\"en-US\"},{\"@type\":\"Person\",\"@id\":\"https:\\\/\\\/www.bergerac.aeroport.fr\\\/#\\\/schema\\\/person\\\/b4be18aee35d78decc95e6bfc738ea82\",\"name\":\"admin_abp\",\"image\":{\"@type\":\"ImageObject\",\"inLanguage\":\"en-US\",\"@id\":\"https:\\\/\\\/secure.gravatar.com\\\/avatar\\\/e5d86a5f8d9064d1e76e764a62086795f17cd98bb9832613325b17fff7dd8d67?s=96&d=mm&r=g\",\"url\":\"https:\\\/\\\/secure.gravatar.com\\\/avatar\\\/e5d86a5f8d9064d1e76e764a62086795f17cd98bb9832613325b17fff7dd8d67?s=96&d=mm&r=g\",\"contentUrl\":\"https:\\\/\\\/secure.gravatar.com\\\/avatar\\\/e5d86a5f8d9064d1e76e764a62086795f17cd98bb9832613325b17fff7dd8d67?s=96&d=mm&r=g\",\"caption\":\"admin_abp\"},\"url\":\"https:\\\/\\\/www.bergerac.aeroport.fr\\\/en\\\/author\\\/admin_abp\\\/\"}]}<\/script>\n<!-- \/ Yoast SEO plugin. -->","yoast_head_json":{"title":"Bristol is back !! - A\u00e9roport Bergerac Dordogne P\u00e9rigord","description":"Site officiel de l'A\u00e9roport Bergerac Dordogne P\u00e9rigord. Voyage, billets d'avion, horaires vols, compagnies a\u00e9riennes, acc\u00e8s et r\u00e9servation parking.","robots":{"index":"index","follow":"follow","max-snippet":"max-snippet:-1","max-image-preview":"max-image-preview:large","max-video-preview":"max-video-preview:-1"},"canonical":"https:\/\/www.bergerac.aeroport.fr\/en\/bristol-is-back\/","og_locale":"en_US","og_type":"article","og_title":"Bristol is back !! - A\u00e9roport Bergerac Dordogne P\u00e9rigord","og_description":"Site officiel de l'A\u00e9roport Bergerac Dordogne P\u00e9rigord. Voyage, billets d'avion, horaires vols, compagnies a\u00e9riennes, acc\u00e8s et r\u00e9servation parking.","og_url":"https:\/\/www.bergerac.aeroport.fr\/en\/bristol-is-back\/","og_site_name":"A\u00e9roport Bergerac Dordogne P\u00e9rigord","article_publisher":"https:\/\/www.facebook.com\/aeroportbergerac.dordogneperigord","article_published_time":"2018-03-23T13:47:05+00:00","og_image":[{"url":"https:\/\/www.bergerac.aeroport.fr\/wp-content\/uploads\/2014\/09\/bristol_small.jpg","type":"","width":"","height":""}],"author":"admin_abp","twitter_misc":{"Written by":"admin_abp"},"schema":{"@context":"https:\/\/schema.org","@graph":[{"@type":"Article","@id":"https:\/\/www.bergerac.aeroport.fr\/en\/bristol-is-back\/#article","isPartOf":{"@id":"https:\/\/www.bergerac.aeroport.fr\/en\/bristol-is-back\/"},"author":{"name":"admin_abp","@id":"https:\/\/www.bergerac.aeroport.fr\/#\/schema\/person\/b4be18aee35d78decc95e6bfc738ea82"},"headline":"Bristol is back !!","datePublished":"2018-03-23T13:47:05+00:00","mainEntityOfPage":{"@id":"https:\/\/www.bergerac.aeroport.fr\/en\/bristol-is-back\/"},"wordCount":29,"image":{"@id":"https:\/\/www.bergerac.aeroport.fr\/en\/bristol-is-back\/#primaryimage"},"thumbnailUrl":"https:\/\/www.bergerac.aeroport.fr\/wp-content\/uploads\/2014\/09\/bristol_small.jpg","articleSection":["Non class\u00e9"],"inLanguage":"en-US"},{"@type":"WebPage","@id":"https:\/\/www.bergerac.aeroport.fr\/en\/bristol-is-back\/","url":"https:\/\/www.bergerac.aeroport.fr\/en\/bristol-is-back\/","name":"Bristol is back !! - A\u00e9roport Bergerac Dordogne P\u00e9rigord","isPartOf":{"@id":"https:\/\/www.bergerac.aeroport.fr\/#website"},"primaryImageOfPage":{"@id":"https:\/\/www.bergerac.aeroport.fr\/en\/bristol-is-back\/#primaryimage"},"image":{"@id":"https:\/\/www.bergerac.aeroport.fr\/en\/bristol-is-back\/#primaryimage"},"thumbnailUrl":"https:\/\/www.bergerac.aeroport.fr\/wp-content\/uploads\/2014\/09\/bristol_small.jpg","datePublished":"2018-03-23T13:47:05+00:00","author":{"@id":"https:\/\/www.bergerac.aeroport.fr\/#\/schema\/person\/b4be18aee35d78decc95e6bfc738ea82"},"description":"Site officiel de l'A\u00e9roport Bergerac Dordogne P\u00e9rigord. Voyage, billets d'avion, horaires vols, compagnies a\u00e9riennes, acc\u00e8s et r\u00e9servation parking.","breadcrumb":{"@id":"https:\/\/www.bergerac.aeroport.fr\/en\/bristol-is-back\/#breadcrumb"},"inLanguage":"en-US","potentialAction":[{"@type":"ReadAction","target":["https:\/\/www.bergerac.aeroport.fr\/en\/bristol-is-back\/"]}]},{"@type":"ImageObject","inLanguage":"en-US","@id":"https:\/\/www.bergerac.aeroport.fr\/en\/bristol-is-back\/#primaryimage","url":"https:\/\/www.bergerac.aeroport.fr\/wp-content\/uploads\/2014\/09\/bristol_small.jpg","contentUrl":"https:\/\/www.bergerac.aeroport.fr\/wp-content\/uploads\/2014\/09\/bristol_small.jpg"},{"@type":"BreadcrumbList","@id":"https:\/\/www.bergerac.aeroport.fr\/en\/bristol-is-back\/#breadcrumb","itemListElement":[{"@type":"ListItem","position":1,"name":"Home","item":"https:\/\/www.bergerac.aeroport.fr\/en\/"},{"@type":"ListItem","position":2,"name":"Bristol is back !!"}]},{"@type":"WebSite","@id":"https:\/\/www.bergerac.aeroport.fr\/#website","url":"https:\/\/www.bergerac.aeroport.fr\/","name":"A\u00e9roport Bergerac Dordogne P\u00e9rigord","description":"","potentialAction":[{"@type":"SearchAction","target":{"@type":"EntryPoint","urlTemplate":"https:\/\/www.bergerac.aeroport.fr\/?s={search_term_string}"},"query-input":{"@type":"PropertyValueSpecification","valueRequired":true,"valueName":"search_term_string"}}],"inLanguage":"en-US"},{"@type":"Person","@id":"https:\/\/www.bergerac.aeroport.fr\/#\/schema\/person\/b4be18aee35d78decc95e6bfc738ea82","name":"admin_abp","image":{"@type":"ImageObject","inLanguage":"en-US","@id":"https:\/\/secure.gravatar.com\/avatar\/e5d86a5f8d9064d1e76e764a62086795f17cd98bb9832613325b17fff7dd8d67?s=96&d=mm&r=g","url":"https:\/\/secure.gravatar.com\/avatar\/e5d86a5f8d9064d1e76e764a62086795f17cd98bb9832613325b17fff7dd8d67?s=96&d=mm&r=g","contentUrl":"https:\/\/secure.gravatar.com\/avatar\/e5d86a5f8d9064d1e76e764a62086795f17cd98bb9832613325b17fff7dd8d67?s=96&d=mm&r=g","caption":"admin_abp"},"url":"https:\/\/www.bergerac.aeroport.fr\/en\/author\/admin_abp\/"}]}},"_links":{"self":[{"href":"https:\/\/www.bergerac.aeroport.fr\/en\/wp-json\/wp\/v2\/posts\/4161\/"}],"collection":[{"href":"https:\/\/www.bergerac.aeroport.fr\/en\/wp-json\/wp\/v2\/posts\/"}],"about":[{"href":"https:\/\/www.bergerac.aeroport.fr\/en\/wp-json\/wp\/v2\/types\/post\/"}],"author":[{"embeddable":true,"href":"https:\/\/www.bergerac.aeroport.fr\/en\/wp-json\/wp\/v2\/users\/2\/"}],"replies":[{"embeddable":true,"href":"https:\/\/www.bergerac.aeroport.fr\/en\/wp-json\/wp\/v2\/comments\/?post=4161"}],"version-history":[{"count":1,"href":"https:\/\/www.bergerac.aeroport.fr\/en\/wp-json\/wp\/v2\/posts\/4161\/revisions\/"}],"predecessor-version":[{"id":4162,"href":"https:\/\/www.bergerac.aeroport.fr\/en\/wp-json\/wp\/v2\/posts\/4161\/revisions\/4162\/"}],"wp:attachment":[{"href":"https:\/\/www.bergerac.aeroport.fr\/en\/wp-json\/wp\/v2\/media\/?parent=4161"}],"wp:term":[{"taxonomy":"category","embeddable":true,"href":"https:\/\/www.bergerac.aeroport.fr\/en\/wp-json\/wp\/v2\/categories\/?post=4161"},{"taxonomy":"post_tag","embeddable":true,"href":"https:\/\/www.bergerac.aeroport.fr\/en\/wp-json\/wp\/v2\/tags\/?post=4161"}],"curies":[{"name":"wp","href":"https:\/\/api.w.org\/{rel}","templated":true}]}}